{"provider_url": "https://www.bonfim.mg.leg.br", "title": "Perguntas Frequentes", "html": "<h3 data-start=\"183\" data-end=\"219\">1. O que \u00e9 a C\u00e2mara Municipal?</h3>\r\n<p data-start=\"220\" data-end=\"549\"><strong data-start=\"220\" data-end=\"233\">Resposta:</strong><br data-start=\"233\" data-end=\"236\" /> A C\u00e2mara Municipal \u00e9 o \u00f3rg\u00e3o legislativo do munic\u00edpio, composto por vereadores eleitos pela popula\u00e7\u00e3o. Sua fun\u00e7\u00e3o principal \u00e9 representar os cidad\u00e3os, elaborar e votar leis que atendam \u00e0s necessidades locais e fiscalizar as a\u00e7\u00f5es do Poder Executivo, garantindo transpar\u00eancia e o uso correto dos recursos p\u00fablicos.</p>\r\n<hr data-start=\"551\" data-end=\"554\" />\r\n<h3 data-start=\"556\" data-end=\"617\">2. Quais s\u00e3o as principais fun\u00e7\u00f5es da C\u00e2mara Municipal?</h3>\r\n<p data-start=\"618\" data-end=\"697\"><strong data-start=\"618\" data-end=\"631\">Resposta:</strong><br data-start=\"631\" data-end=\"634\" /> Entre as principais fun\u00e7\u00f5es da C\u00e2mara Municipal, destacam-se:</p>\r\n<ul data-start=\"698\" data-end=\"1146\">\r\n<li data-start=\"698\" data-end=\"817\">\r\n<p data-start=\"700\" data-end=\"817\"><strong data-start=\"700\" data-end=\"733\">Elabora\u00e7\u00e3o e vota\u00e7\u00e3o de leis:</strong> Cria\u00e7\u00e3o, revis\u00e3o e aprova\u00e7\u00e3o de leis que promovam o desenvolvimento do munic\u00edpio.</p>\r\n</li>\r\n<li data-start=\"818\" data-end=\"976\">\r\n<p data-start=\"820\" data-end=\"976\"><strong data-start=\"820\" data-end=\"837\">Fiscaliza\u00e7\u00e3o:</strong> Acompanhar e fiscalizar as a\u00e7\u00f5es e a administra\u00e7\u00e3o do Executivo, garantindo que os recursos p\u00fablicos sejam utilizados de forma adequada.</p>\r\n</li>\r\n<li data-start=\"977\" data-end=\"1146\">\r\n<p data-start=\"979\" data-end=\"1146\"><strong data-start=\"979\" data-end=\"997\">Representa\u00e7\u00e3o:</strong> Representar os interesses e as demandas da popula\u00e7\u00e3o, promovendo audi\u00eancias p\u00fablicas, debates e a participa\u00e7\u00e3o dos cidad\u00e3os no processo legislativo.</p>\r\n</li>\r\n</ul>\r\n<hr data-start=\"1148\" data-end=\"1151\" />\r\n<h3 data-start=\"1153\" data-end=\"1200\">3. Como \u00e9 estruturada a C\u00e2mara Municipal?</h3>\r\n<p data-start=\"1201\" data-end=\"1292\"><strong data-start=\"1201\" data-end=\"1214\">Resposta:</strong><br data-start=\"1214\" data-end=\"1217\" /> A estrutura organizacional da C\u00e2mara Municipal geralmente \u00e9 composta por:</p>\r\n<ul data-start=\"1293\" data-end=\"1943\">\r\n<li data-start=\"1293\" data-end=\"1407\">\r\n<p data-start=\"1295\" data-end=\"1407\"><strong data-start=\"1295\" data-end=\"1313\">Mesa Diretora:</strong> Liderada pelo Presidente, que coordena as sess\u00f5es e representa a C\u00e2mara institucionalmente.</p>\r\n</li>\r\n<li data-start=\"1408\" data-end=\"1611\">\r\n<p data-start=\"1410\" data-end=\"1611\"><strong data-start=\"1410\" data-end=\"1436\">Comiss\u00f5es Permanentes:</strong> Grupos tem\u00e1ticos respons\u00e1veis por analisar e emitir pareceres sobre projetos de lei em \u00e1reas espec\u00edficas (por exemplo, finan\u00e7as, sa\u00fade, educa\u00e7\u00e3o, urbanismo, meio ambiente).</p>\r\n</li>\r\n<li data-start=\"1612\" data-end=\"1764\">\r\n<p data-start=\"1614\" data-end=\"1764\"><strong data-start=\"1614\" data-end=\"1635\">Secretaria Geral:</strong> Respons\u00e1vel pelo suporte administrativo e operacional, organizando documentos, registros das sess\u00f5es e atendimento ao p\u00fablico.</p>\r\n</li>\r\n<li data-start=\"1765\" data-end=\"1943\">\r\n<p data-start=\"1767\" data-end=\"1943\"><strong data-start=\"1767\" data-end=\"1796\">Gabinetes dos Vereadores:</strong> Cada vereador pode contar com uma equipe de assessores que o auxilia na elabora\u00e7\u00e3o de projetos, pesquisas e atendimento \u00e0s demandas dos mun\u00edcipes.</p>\r\n</li>\r\n</ul>\r\n<hr data-start=\"1945\" data-end=\"1948\" />\r\n<h3 data-start=\"1950\" data-end=\"2027\">4. Como os cidad\u00e3os podem acompanhar as atividades da C\u00e2mara Municipal?</h3>\r\n<p data-start=\"2028\" data-end=\"2120\"><strong data-start=\"2028\" data-end=\"2041\">Resposta:</strong><br data-start=\"2041\" data-end=\"2044\" /> A popula\u00e7\u00e3o pode acompanhar as atividades da C\u00e2mara Municipal por meio de:</p>\r\n<ul data-start=\"2121\" data-end=\"2585\">\r\n<li data-start=\"2121\" data-end=\"2237\">\r\n<p data-start=\"2123\" data-end=\"2237\"><strong data-start=\"2123\" data-end=\"2156\">Site oficial e redes sociais:</strong> Divulga\u00e7\u00e3o de pautas, projetos de lei, atas de sess\u00f5es e comunicados oficiais.</p>\r\n</li>\r\n<li data-start=\"2412\" data-end=\"2585\">\r\n<p data-start=\"2414\" data-end=\"2585\"><strong data-start=\"2414\" data-end=\"2452\">Ouvidoria e canais de atendimento:</strong> Espa\u00e7os destinados a receber sugest\u00f5es, cr\u00edticas e den\u00fancias dos mun\u00edcipes, garantindo a transpar\u00eancia e o di\u00e1logo com a comunidade.</p>\r\n</li>\r\n<li data-start=\"2412\" data-end=\"2585\">\r\n<p data-start=\"2414\" data-end=\"2585\"><strong data-start=\"2240\" data-end=\"2284\">Audi\u00eancias p\u00fablicas e sess\u00f5es plen\u00e1rias:</strong><span>\u00a0Participa\u00e7\u00e3o direta das sess\u00f5es, permitindo que os cidad\u00e3os conhe\u00e7am e debatam as a\u00e7\u00f5es legislativas. Nosso plen\u00e1rio est\u00e1 localizado na Rua Jo\u00e3o Batista de Paiva Campos, 311, Amintas Salles Xavier, Bonfim-MG.</span></p>\r\n<iframe src=\"https://www.google.com/maps/embed?pb=!1m18!1m12!1m3!1d3122.517773334803!2d-44.24088862554635!3d-20.334357351025922!2m3!1f0!2f0!3f0!3m2!1i1024!2i768!4f13.1!3m3!1m2!1s0xa1300ff5c55953%3A0x5e6e95da1d4ddf23!2sC%C3%A2mara%20Municipal%20de%20Bonfim!5e1!3m2!1spt-BR!2sbr!4v1762433472699!5m2!1spt-BR!2sbr\" width=\"700\" height=\"450\" allowfullscreen=\"\" style=\"\"></iframe></li>\r\n</ul>\r\n<hr data-start=\"2587\" data-end=\"2590\" />\r\n<h3 data-start=\"2592\" data-end=\"2664\">5. Qual a import\u00e2ncia da participa\u00e7\u00e3o popular na C\u00e2mara Municipal?</h3>\r\n<p data-start=\"2665\" data-end=\"3107\"><strong data-start=\"2665\" data-end=\"2678\">Resposta:</strong><br data-start=\"2678\" data-end=\"2681\" /> A participa\u00e7\u00e3o popular \u00e9 fundamental para uma democracia efetiva. Ao participar de audi\u00eancias p\u00fablicas, enviar sugest\u00f5es ou cr\u00edticas e acompanhar as sess\u00f5es, os cidad\u00e3os influenciam diretamente a elabora\u00e7\u00e3o de pol\u00edticas p\u00fablicas e a fiscaliza\u00e7\u00e3o dos atos do Executivo. Essa intera\u00e7\u00e3o fortalece a transpar\u00eancia, promove a responsabilidade dos gestores p\u00fablicos e garante que as leis reflitam as reais necessidades da popula\u00e7\u00e3o.</p>\r\n<hr data-start=\"3109\" data-end=\"3112\" />\r\n<h3 data-start=\"3114\" data-end=\"3154\">6. Como s\u00e3o eleitos os vereadores?</h3>\r\n<p data-start=\"3155\" data-end=\"3504\"><strong data-start=\"3155\" data-end=\"3168\">Resposta:</strong><br data-start=\"3168\" data-end=\"3171\" /> Os vereadores s\u00e3o eleitos por meio do voto direto e secreto dos cidad\u00e3os em elei\u00e7\u00f5es municipais. Cada vereador representa um segmento da popula\u00e7\u00e3o, e sua elei\u00e7\u00e3o \u00e9 baseada na propor\u00e7\u00e3o de votos obtidos pelos partidos ou coliga\u00e7\u00f5es. O mandato dos vereadores, assim como de outros cargos municipais, costuma ter dura\u00e7\u00e3o de quatro anos.</p>", "author_name": "Interlegis", "version": "1.0", "author_url": "https://www.bonfim.mg.leg.br/author/Interlegis", "provider_name": "C\u00e2mara Municipal de Bonfim", "type": "rich"}