{"provider_url": "https://www.bonfim.mg.leg.br", "title": "Banda Mole", "html": "<p style=\"text-align: justify; \">A Banda Mole surgiu em 2001, em um per\u00edodo em que a segunda-feira de carnaval ainda n\u00e3o contava com programa\u00e7\u00e3o em Bonfim. Foi ent\u00e3o que algumas pessoas, como Guilherme e Bol\u00e3o, decidiram criar um bloco para manter a festa viva nesse dia. Na \u00e9poca, o grupo se chamava Bloco Z\u00e9 da Bina, sa\u00eda da casa de Guilherme e descia as ruas carregando um p\u00e9 de banana, em um clima irreverente e espont\u00e2neo.<br /> Com o passar dos anos, a tradi\u00e7\u00e3o cresceu e se transformou na Banda Mole, tornando-se um dos momentos mais aguardados do Carnaval de Bonfim. <br /> Hoje, o desfile acontece na segunda-feira \u00e0 noite, geralmente reunindo o maior p\u00fablico da festa. Os foli\u00f5es, todos fantasiados, se concentram no Bar do Kuad\u00f4 e seguem em passeata at\u00e9 o centro da cidade, acompanhados por m\u00fasicos que tocam marchinhas e sambas, levando alegria e descontra\u00e7\u00e3o pelas ruas.</p>", "author_name": "", "version": "1.0", "author_url": "https://www.bonfim.mg.leg.br/author/adm", "provider_name": "C\u00e2mara Municipal de Bonfim", "type": "rich"}