{"provider_url": "https://www.bonfim.mg.leg.br", "title": "Carnaval a Cavalo", "html": "<p style=\"text-align: justify; \">O Carnaval a Cavalo \u00e9 a festa mais conhecida de Bonfim e um dos maiores s\u00edmbolos de sua identidade cultural. Realizado desde 1840, ao longo dos anos ganhou reconhecimento e se consolidou como o \u00fanico Carnaval a Cavalo do Brasil.<br /> A celebra\u00e7\u00e3o acontece durante o dia, no domingo, na segunda e na ter\u00e7a-feira de carnaval, reunindo cavaleiros e amazonas que desfilam pela Pra\u00e7a da Matriz, trocando serpentinas com o p\u00fablico e realizando evolu\u00e7\u00f5es que encantam moradores e visitantes.<br />No encerramento, na tarde da ter\u00e7a-feira, ocorre a tradicional Batalha de Confetes, quando cavaleiros e amazonas desmontam de seus animais e se unem ao p\u00fablico em uma grande confraterniza\u00e7\u00e3o ao som de marchinhas. <br /> Em seguida, retornam \u00e0 pra\u00e7a montados em seus cavalos, j\u00e1 sem as m\u00e1scaras, com len\u00e7os brancos nas m\u00e3os, despedindo-se do p\u00fablico de forma emocionante e prometendo voltar no ano seguinte para mais um belo Carnaval a Cavalo.</p>", "author_name": "", "version": "1.0", "author_url": "https://www.bonfim.mg.leg.br/author/adm", "provider_name": "C\u00e2mara Municipal de Bonfim", "type": "rich"}