{"provider_url": "https://www.bonfim.mg.leg.br", "title": "Carnaval de Bonfim/MG", "html": "<p style=\"text-align: justify; \">O Carnaval de Bonfim \u00e9 tradi\u00e7\u00e3o, hist\u00f3ria e emo\u00e7\u00e3o que atravessam gera\u00e7\u00f5es. No s\u00e1bado \u00e0 noite, o som de marchinhas e sambas anuncia que a festa come\u00e7ou com o tradicional Bloco do Z\u00e9 Pereira, quando o personagem de roupas largas, montado a cavalo, percorre as ruas chamando o povo para a folia. No domingo \u00e0 tarde tem in\u00edcio o nosso famoso Carnaval a Cavalo, a Batalha dos Mouros e Crist\u00e3os, \u00fanica no Brasil, que segue no domingo, na segunda e na ter\u00e7a durante o dia, reunindo cavaleiros e amazonas, cores e muita tradi\u00e7\u00e3o, encerrando na ter\u00e7a com a tradicional Batalha de Confetes.</p>\r\n<p style=\"text-align: justify; \">\u00c0 noite, o carnaval continua brilhando. No domingo, a Escola de Samba Unidos Outra Vez desfila pelas ruas de Bonfim, encantando o p\u00fablico com suas fantasias e sua energia. Na segunda-feira, \u00e9 a vez da irreverente Banda Mole, que se concentra no Bar do Kuad\u00f4 e desce at\u00e9 o centro da cidade, com foli\u00f5es fantasiados ao som de marchinhas e sambas.</p>\r\n<p style=\"text-align: justify; \">Em todos esses momentos, a Corpora\u00e7\u00e3o Musical Padre Trigueiro, uma das bandas mais antigas de Minas Gerais, marca presen\u00e7a e d\u00e1 ainda mais vida ao nosso carnaval, tocando no Carnaval a Cavalo e integrando tamb\u00e9m o Z\u00e9 Pereira e a Banda Mole.</p>\r\n<p style=\"text-align: justify; \">Bonfim te espera para viver um carnaval \u00fanico, cheio de cultura, alegria e tradi\u00e7\u00e3o. \ud83c\udfad\ud83c\udfb6\ud83d\udc0e</p>", "author_name": "", "version": "1.0", "author_url": "https://www.bonfim.mg.leg.br/author/adm", "provider_name": "C\u00e2mara Municipal de Bonfim", "type": "rich"}