{"provider_url": "https://www.bonfim.mg.leg.br", "title": "Dezembro Vermelho e Dezembro Laranja", "html": "<p data-start=\"165\" data-end=\"640\">Dezembro \u00e9 um m\u00eas dedicado ao cuidado, \u00e0 preven\u00e7\u00e3o e \u00e0 conscientiza\u00e7\u00e3o. No Dezembro Vermelho, refor\u00e7amos a luta contra o HIV/AIDS e outras infec\u00e7\u00f5es sexualmente transmiss\u00edveis, lembrando \u00e0 popula\u00e7\u00e3o a import\u00e2ncia da informa\u00e7\u00e3o correta, do respeito, do acolhimento e da preven\u00e7\u00e3o. \u00c9 um momento de ampliar o di\u00e1logo, combater o preconceito e incentivar o acesso aos servi\u00e7os de sa\u00fade, garantindo que todas as pessoas tenham o direito \u00e0 vida com dignidade, sa\u00fade e prote\u00e7\u00e3o.</p>\r\n<p data-start=\"642\" data-end=\"1063\">Ao mesmo tempo, o Dezembro Laranja chama aten\u00e7\u00e3o para a preven\u00e7\u00e3o do c\u00e2ncer de pele, o tipo mais comum no Brasil. O m\u00eas alerta sobre a necessidade de cuidados simples, mas essenciais, como o uso de protetor solar, chap\u00e9us e \u00f3culos, al\u00e9m da observa\u00e7\u00e3o de sinais na pele e da busca por atendimento m\u00e9dico em caso de altera\u00e7\u00f5es. Proteger-se do sol \u00e9 um gesto de amor pr\u00f3prio e um passo importante para preservar a sa\u00fade.</p>\r\n<p data-start=\"1065\" data-end=\"1406\" data-is-last-node=\"\" data-is-only-node=\"\">A C\u00e2mara Municipal de Bonfim apoia e refor\u00e7a essas campanhas, reafirmando seu compromisso com pol\u00edticas p\u00fablicas voltadas \u00e0 sa\u00fade, \u00e0 informa\u00e7\u00e3o e ao bem-estar da popula\u00e7\u00e3o. Que este m\u00eas seja de conscientiza\u00e7\u00e3o, responsabilidade e cuidado coletivo, para que possamos construir uma comunidade cada vez mais informada, saud\u00e1vel e protegida.</p>", "author_name": "", "version": "1.0", "author_url": "https://www.bonfim.mg.leg.br/author/adm", "provider_name": "C\u00e2mara Municipal de Bonfim", "type": "rich"}